{"id":179,"date":"2025-07-11T18:12:13","date_gmt":"2025-07-11T18:12:13","guid":{"rendered":"https:\/\/www.coberturassantoamaro.com.br\/blog\/?p=179"},"modified":"2025-07-11T18:12:13","modified_gmt":"2025-07-11T18:12:13","slug":"reforma-de-telhados-na-zona-sul","status":"publish","type":"post","link":"https:\/\/www.coberturassantoamaro.com.br\/blog\/reforma-de-telhados-na-zona-sul\/","title":{"rendered":"Por que a reforma de telhados na zona sul n\u00e3o pode esperar"},"content":{"rendered":"<span class=\"span-reading-time rt-reading-time\" style=\"display: block;\"><span class=\"rt-label rt-prefix\">Tempo de leitura: <\/span> <span class=\"rt-time\"> 3<\/span> <span class=\"rt-label rt-postfix\">minutos<\/span><\/span><p><b><i>Entenda por que adiar a reforma de telhados na zona sul \u00e9 um erro. Saiba como agir antes que os problemas prejudiquem sua estrutura e conforto.<\/i><\/b><\/p>\n<p><span style=\"font-weight: 400;\">Adiar a reforma de telhados na zona sul pode parecer uma economia. Mas, na pr\u00e1tica, isso representa um risco que compromete a estrutura do im\u00f3vel e encarece a solu\u00e7\u00e3o.<\/span><\/p>\n<p><span style=\"font-weight: 400;\">A zona sul de S\u00e3o Paulo tem caracter\u00edsticas clim\u00e1ticas e ambientais espec\u00edficas. Umidade, calor intenso e ac\u00famulo de folhas s\u00e3o problemas comuns que exigem aten\u00e7\u00e3o constante aos telhados.<\/span><\/p>\n<p><span style=\"font-weight: 400;\">Neste artigo, vamos explicar por que voc\u00ea deve agir agora. Tamb\u00e9m mostraremos como a <\/span><b>Coberturas Santo Amaro<\/b><span style=\"font-weight: 400;\"> pode resolver sua reforma com agilidade, seguran\u00e7a e experi\u00eancia t\u00e9cnica.<\/span><\/p>\n<div id=\"ez-toc-container\" class=\"ez-toc-v2_0_75 counter-hierarchy ez-toc-counter ez-toc-grey ez-toc-container-direction\">\n<div class=\"ez-toc-title-container\">\n<p class=\"ez-toc-title\" style=\"cursor:inherit\">O que abordaremos neste artigo:<\/p>\n<span class=\"ez-toc-title-toggle\"><a href=\"#\" class=\"ez-toc-pull-right ez-toc-btn ez-toc-btn-xs ez-toc-btn-default ez-toc-toggle\" aria-label=\"Alternar tabela de conte\u00fado\"><span class=\"ez-toc-js-icon-con\"><span class=\"\"><span class=\"eztoc-hide\" style=\"display:none;\">Toggle<\/span><span class=\"ez-toc-icon-toggle-span\"><svg style=\"fill: #999;color:#999\" xmlns=\"http:\/\/www.w3.org\/2000\/svg\" class=\"list-377408\" width=\"20px\" height=\"20px\" viewBox=\"0 0 24 24\" fill=\"none\"><path d=\"M6 6H4v2h2V6zm14 0H8v2h12V6zM4 11h2v2H4v-2zm16 0H8v2h12v-2zM4 16h2v2H4v-2zm16 0H8v2h12v-2z\" fill=\"currentColor\"><\/path><\/svg><svg style=\"fill: #999;color:#999\" class=\"arrow-unsorted-368013\" xmlns=\"http:\/\/www.w3.org\/2000\/svg\" width=\"10px\" height=\"10px\" viewBox=\"0 0 24 24\" version=\"1.2\" baseProfile=\"tiny\"><path d=\"M18.2 9.3l-6.2-6.3-6.2 6.3c-.2.2-.3.4-.3.7s.1.5.3.7c.2.2.4.3.7.3h11c.3 0 .5-.1.7-.3.2-.2.3-.5.3-.7s-.1-.5-.3-.7zM5.8 14.7l6.2 6.3 6.2-6.3c.2-.2.3-.5.3-.7s-.1-.5-.3-.7c-.2-.2-.4-.3-.7-.3h-11c-.3 0-.5.1-.7.3-.2.2-.3.5-.3.7s.1.5.3.7z\"\/><\/svg><\/span><\/span><\/span><\/a><\/span><\/div>\n<nav><ul class='ez-toc-list ez-toc-list-level-1 ' ><li class='ez-toc-page-1 ez-toc-heading-level-2'><a class=\"ez-toc-link ez-toc-heading-1\" href=\"https:\/\/www.coberturassantoamaro.com.br\/blog\/reforma-de-telhados-na-zona-sul\/#Entenda_os_riscos_de_postergar_a_reforma\" >Entenda os riscos de postergar a reforma<\/a><\/li><li class='ez-toc-page-1 ez-toc-heading-level-2'><a class=\"ez-toc-link ez-toc-heading-2\" href=\"https:\/\/www.coberturassantoamaro.com.br\/blog\/reforma-de-telhados-na-zona-sul\/#Zona_sul_por_que_os_telhados_sofrem_mais\" >Zona sul: por que os telhados sofrem mais?<\/a><\/li><li class='ez-toc-page-1 ez-toc-heading-level-2'><a class=\"ez-toc-link ez-toc-heading-3\" href=\"https:\/\/www.coberturassantoamaro.com.br\/blog\/reforma-de-telhados-na-zona-sul\/#Reforma_de_telhados_exige_diagnostico_tecnico\" >Reforma de telhados exige diagn\u00f3stico t\u00e9cnico<\/a><\/li><li class='ez-toc-page-1 ez-toc-heading-level-2'><a class=\"ez-toc-link ez-toc-heading-4\" href=\"https:\/\/www.coberturassantoamaro.com.br\/blog\/reforma-de-telhados-na-zona-sul\/#Por_que_escolher_a_Coberturas_Santo_Amaro\" >Por que escolher a Coberturas Santo Amaro?<\/a><\/li><li class='ez-toc-page-1 ez-toc-heading-level-2'><a class=\"ez-toc-link ez-toc-heading-5\" href=\"https:\/\/www.coberturassantoamaro.com.br\/blog\/reforma-de-telhados-na-zona-sul\/#Adiar_a_reforma_so_agrava_o_problema\" >Adiar a reforma s\u00f3 agrava o problema<\/a><\/li><\/ul><\/nav><\/div>\n<h2><span class=\"ez-toc-section\" id=\"Entenda_os_riscos_de_postergar_a_reforma\"><\/span><span style=\"font-weight: 400;\">Entenda os riscos de postergar a reforma<\/span><span class=\"ez-toc-section-end\"><\/span><\/h2>\n<p><span style=\"font-weight: 400;\">Quando falamos em reforma de telhado, o problema raramente surge do dia para a noite. Ele se desenvolve com o tempo, de forma silenciosa, at\u00e9 se tornar um dano maior.<\/span><\/p>\n<p><b>Infiltra\u00e7\u00f5es, goteiras e mofo nas paredes<\/b><span style=\"font-weight: 400;\"> s\u00e3o sinais vis\u00edveis. Por\u00e9m, o real perigo pode estar no que voc\u00ea n\u00e3o v\u00ea: <\/span><b>estruturas comprometidas, madeiramento deteriorado e ferragens oxidadas<\/b><span style=\"font-weight: 400;\">.<\/span><\/p>\n<p><span style=\"font-weight: 400;\">Se a sua cobertura apresenta qualquer um desses sintomas, n\u00e3o espere. Postergar a manuten\u00e7\u00e3o pode causar:<\/span><\/p>\n<ul>\n<li style=\"font-weight: 400;\" aria-level=\"1\"><span style=\"font-weight: 400;\">Infiltra\u00e7\u00f5es generalizadas<\/span><\/li>\n<li style=\"font-weight: 400;\" aria-level=\"1\"><span style=\"font-weight: 400;\">Comprometimento da estrutura do telhado<\/span><\/li>\n<li style=\"font-weight: 400;\" aria-level=\"1\"><span style=\"font-weight: 400;\">Aumento do consumo energ\u00e9tico por m\u00e1 isola\u00e7\u00e3o<\/span><\/li>\n<li style=\"font-weight: 400;\" aria-level=\"1\"><span style=\"font-weight: 400;\">Preju\u00edzos com m\u00f3veis e revestimentos danificados<\/span><\/li>\n<\/ul>\n<p><span style=\"font-weight: 400;\">Agir agora reduz custos futuros e evita a necessidade de obras emergenciais.<\/span><\/p>\n<ul>\n<li><em><strong><a href=\"https:\/\/www.coberturassantoamaro.com.br\/blog\/coberturas-termoacusticas-conforto-que-voce-precisa\/\">Coberturas termoac\u00fasticas: conforto que voc\u00ea precisa<\/a><\/strong><\/em><\/li>\n<\/ul>\n<h2><span class=\"ez-toc-section\" id=\"Zona_sul_por_que_os_telhados_sofrem_mais\"><\/span><span style=\"font-weight: 400;\">Zona sul: por que os telhados sofrem mais?<\/span><span class=\"ez-toc-section-end\"><\/span><\/h2>\n<p><span style=\"font-weight: 400;\">A reforma de telhados na zona sul precisa considerar as <\/span><b>condi\u00e7\u00f5es espec\u00edficas da regi\u00e3o<\/b><span style=\"font-weight: 400;\">. Com mais \u00e1reas arborizadas, o ac\u00famulo de folhas em calhas e telhas \u00e9 comum. Isso favorece o entupimento e o surgimento de mofo.<\/span><\/p>\n<p><span style=\"font-weight: 400;\">Al\u00e9m disso, o calor elevado em determinados bairros exige <\/span><b>materiais com isolamento t\u00e9rmico<\/b><span style=\"font-weight: 400;\">, como as <\/span><b>telhas termoac\u00fasticas ou sandu\u00edche<\/b><span style=\"font-weight: 400;\">, que ajudam a manter o conforto interno do im\u00f3vel.<\/span><\/p>\n<p><span style=\"font-weight: 400;\">Se sua cobertura \u00e9 antiga ou nunca passou por revis\u00e3o, provavelmente h\u00e1 pontos de aten\u00e7\u00e3o urgentes.<\/span><\/p>\n<h2><span class=\"ez-toc-section\" id=\"Reforma_de_telhados_exige_diagnostico_tecnico\"><\/span><span style=\"font-weight: 400;\">Reforma de telhados exige diagn\u00f3stico t\u00e9cnico<\/span><span class=\"ez-toc-section-end\"><\/span><\/h2>\n<p><span style=\"font-weight: 400;\">Mais do que trocar telhas quebradas, reformar \u00e9 entender a estrutura como um todo. A <\/span><b>Coberturas Santo Amaro<\/b><span style=\"font-weight: 400;\">, com mais de 40 anos de experi\u00eancia em S\u00e3o Paulo, atua com foco t\u00e9cnico, seguran\u00e7a e durabilidade.<\/span><\/p>\n<p><b>Principais etapas da reforma profissional:<\/b><\/p>\n<ul>\n<li style=\"font-weight: 400;\" aria-level=\"1\"><span style=\"font-weight: 400;\">Inspe\u00e7\u00e3o e diagn\u00f3stico detalhado<\/span><\/li>\n<li style=\"font-weight: 400;\" aria-level=\"1\"><span style=\"font-weight: 400;\">Substitui\u00e7\u00e3o de pe\u00e7as comprometidas<\/span><\/li>\n<li style=\"font-weight: 400;\" aria-level=\"1\"><span style=\"font-weight: 400;\">Corre\u00e7\u00e3o de inclina\u00e7\u00e3o ou estrutura<\/span><\/li>\n<li style=\"font-weight: 400;\" aria-level=\"1\"><span style=\"font-weight: 400;\">Aplica\u00e7\u00e3o de manta t\u00e9rmica, se necess\u00e1rio<\/span><\/li>\n<li style=\"font-weight: 400;\" aria-level=\"1\"><span style=\"font-weight: 400;\">Refor\u00e7o em calhas e escoamento<\/span><\/li>\n<\/ul>\n<p><span style=\"font-weight: 400;\">Cada detalhe \u00e9 planejado para garantir resultado duradouro e compat\u00edvel com o seu projeto.<\/span><\/p>\n<ul>\n<li><strong><em><a href=\"https:\/\/www.coberturassantoamaro.com.br\/blog\/descubra-os-beneficios-das-telhas-em-ceramica\/\">Descubra os benef\u00edcios das telhas em cer\u00e2mica<\/a><\/em><\/strong><\/li>\n<\/ul>\n<h2><span class=\"ez-toc-section\" id=\"Por_que_escolher_a_Coberturas_Santo_Amaro\"><\/span><span style=\"font-weight: 400;\">Por que escolher a Coberturas Santo Amaro?<\/span><span class=\"ez-toc-section-end\"><\/span><\/h2>\n<p><span style=\"font-weight: 400;\">Desde 1981, a <\/span><b>Coberturas Santo Amaro<\/b><span style=\"font-weight: 400;\"> atua com excel\u00eancia em reformas e instala\u00e7\u00e3o de telhados em S\u00e3o Paulo. Localizada na Av. Vereador Jos\u00e9 Diniz, atende toda a zona sul com solu\u00e7\u00f5es sob medida.<\/span><\/p>\n<p><b>Diferenciais da empresa:<\/b><\/p>\n<p><img decoding=\"async\" class=\"size-medium wp-image-181 alignright lazyload\" data-src=\"https:\/\/www.coberturassantoamaro.com.br\/blog\/wp-content\/uploads\/2025\/07\/2149343672-300x200.jpg\" alt=\"Por que a reforma de telhados na zona sul n\u00e3o pode esperar\" width=\"300\" height=\"200\" data-srcset=\"https:\/\/www.coberturassantoamaro.com.br\/blog\/wp-content\/uploads\/2025\/07\/2149343672-300x200.jpg 300w, https:\/\/www.coberturassantoamaro.com.br\/blog\/wp-content\/uploads\/2025\/07\/2149343672-768x512.jpg 768w, https:\/\/www.coberturassantoamaro.com.br\/blog\/wp-content\/uploads\/2025\/07\/2149343672-90x60.jpg 90w, https:\/\/www.coberturassantoamaro.com.br\/blog\/wp-content\/uploads\/2025\/07\/2149343672-374x249.jpg 374w, https:\/\/www.coberturassantoamaro.com.br\/blog\/wp-content\/uploads\/2025\/07\/2149343672.jpg 1000w\" data-sizes=\"(max-width: 300px) 100vw, 300px\" src=\"data:image\/svg+xml;base64,PHN2ZyB3aWR0aD0iMSIgaGVpZ2h0PSIxIiB4bWxucz0iaHR0cDovL3d3dy53My5vcmcvMjAwMC9zdmciPjwvc3ZnPg==\" style=\"--smush-placeholder-width: 300px; --smush-placeholder-aspect-ratio: 300\/200;\" \/><\/p>\n<ul>\n<li style=\"font-weight: 400;\" aria-level=\"1\"><span style=\"font-weight: 400;\">Ampla linha de produtos: cer\u00e2mica, policarbonato, termoac\u00fastica e fibrocimento crfs<\/span><\/li>\n<li style=\"font-weight: 400;\" aria-level=\"1\"><span style=\"font-weight: 400;\">M\u00e3o de obra especializada<\/span><\/li>\n<li style=\"font-weight: 400;\" aria-level=\"1\"><span style=\"font-weight: 400;\">Projetos em CAD para planejamento detalhado<\/span><\/li>\n<li style=\"font-weight: 400;\" aria-level=\"1\"><span style=\"font-weight: 400;\">Estruturas met\u00e1licas ou de madeira<\/span><\/li>\n<li style=\"font-weight: 400;\" aria-level=\"1\"><span style=\"font-weight: 400;\">Atendimento r\u00e1pido e avalia\u00e7\u00e3o sem custo<\/span><\/li>\n<\/ul>\n<p><span style=\"font-weight: 400;\">Al\u00e9m disso, oferece suporte t\u00e9cnico completo, com garantia e cumprimento rigoroso de prazos.<\/span><\/p>\n<h2><span class=\"ez-toc-section\" id=\"Adiar_a_reforma_so_agrava_o_problema\"><\/span><span style=\"font-weight: 400;\">Adiar a reforma s\u00f3 agrava o problema<\/span><span class=\"ez-toc-section-end\"><\/span><\/h2>\n<p><span style=\"font-weight: 400;\">Se h\u00e1 sinais de infiltra\u00e7\u00e3o, goteiras ou desgaste, a hora de agir \u00e9 agora. Telhados exigem manuten\u00e7\u00e3o regular para evitar problemas maiores. E, quanto mais cedo a reforma for feita, menor o custo e maior a efici\u00eancia da solu\u00e7\u00e3o.<\/span><\/p>\n<p><b>A Coberturas Santo Amaro est\u00e1 pronta para ajudar<\/b><span style=\"font-weight: 400;\">.<\/span><a href=\"https:\/\/www.coberturassantoamaro.com.br\/contato\"><span style=\"font-weight: 400;\"> Entre em contato, agende uma avalia\u00e7\u00e3o e proteja seu im\u00f3vel com quem tem autoridade no assunto.<\/span><\/a><\/p>\n<p><a href=\"https:\/\/api.whatsapp.com\/send\/?phone=5511989327881&amp;text=Ol%C3%A1+vim+pelo+blog+e+gostaria+de+mais+informa%C3%A7%C3%B5es&amp;type=phone_number&amp;app_absent=0\"><b>Chame agora mesmo no WhatsApp<\/b><\/a><b> ou<\/b><a href=\"https:\/\/www.coberturassantoamaro.com.br\/contato\"><b> acesse o site para or\u00e7amento gratuito.<\/b><b><br \/>\n<\/b><\/a> <b>N\u00e3o espere o problema crescer,\u00a0 a reforma do telhado pode come\u00e7ar hoje.<\/b><\/p>\n","protected":false},"excerpt":{"rendered":"<p><span class=\"span-reading-time rt-reading-time\" style=\"display: block;\"><span class=\"rt-label rt-prefix\">Tempo de leitura: <\/span> <span class=\"rt-time\"> 3<\/span> <span class=\"rt-label rt-postfix\">minutos<\/span><\/span>Entenda por que adiar a reforma de telhados na zona sul \u00e9 um erro. Saiba como agir antes que os problemas prejudiquem sua estrutura e conforto. Adiar a reforma de telhados na zona sul pode parecer uma economia. Mas, na pr\u00e1tica, isso representa um risco que compromete a estrutura do im\u00f3vel e encarece a solu\u00e7\u00e3o. &hellip; <\/p>\n","protected":false},"author":1,"featured_media":180,"comment_status":"open","ping_status":"open","sticky":false,"template":"","format":"standard","meta":{"footnotes":""},"categories":[372],"tags":[1177,1164,162,1170,1182,1186,1171,1157,388,1162,1154,1156,1152,1159,1183,1163,1168,1175,1169,1178,1180,1185,1176,1172,1173,1158,1155,1131,1129,1143,1149,1147,1133,1145,1135,1139,1141,1132,1130,1144,1150,1148,1134,1146,1136,1140,1128,1142,1165,1160,1187,1181,1166,1137,1138,1161,1184,1167,1151,1174,1153,1179],"class_list":["post-179","post","type-post","status-publish","format-standard","has-post-thumbnail","hentry","category-reformas-de-telhado","tag-a-reforma-pode-ser-feita-parcialmente","tag-avaliar-telhado-com-problema-de-mofo","tag-coberturas-santo-amaro","tag-como-escolher-uma-empresa-de-reforma-de-telhados-em-sp","tag-como-funciona-a-inspecao-tecnica-do-telhado","tag-como-garantir-uma-reforma-de-telhado-sem-imprevistos","tag-e-seguro-reformar-telhado-com-estrutura-antiga","tag-empresa-de-cobertura-metalica-sp","tag-empresa-de-reforma-de-telhado","tag-empresa-especializada-em-telhados-sp","tag-fornecedor-de-telhas-ceramicas-sp","tag-instalacao-de-telhado-em-sao-paulo","tag-manutencao-preventiva-de-telhados","tag-melhor-empresa-para-reforma-de-telhados-sp","tag-o-que-e-telha-sanduiche","tag-orcamento-de-telhado-em-sao-paulo","tag-por-que-reformar-o-telhado-na-zona-sul","tag-posso-reformar-o-telhado-sem-sair-de-casa","tag-quais-os-sinais-de-que-o-telhado-precisa-de-reforma","tag-quais-riscos-existem-ao-adiar-a-reforma-do-telhado","tag-qual-a-durabilidade-de-um-telhado-reformado","tag-qual-a-empresa-mais-confiavel-em-reformas-de-telhados-em-sp","tag-qual-o-melhor-material-para-coberturas-em-sp","tag-qual-o-melhor-tipo-de-telha-para-zona-sul","tag-quanto-custa-uma-reforma-de-telhado-em-sp","tag-reforma-de-telhado-com-estrutura-metalica","tag-reforma-de-telhado-com-manta-termica","tag-reforma-de-telhados-em-sao-paulo","tag-reforma-de-telhados-em-sp","tag-reforma-de-telhados-na-regiao-metropolitana","tag-reforma-de-telhados-na-vila-santa-catarina","tag-reforma-de-telhados-na-vila-sao-francisco","tag-reforma-de-telhados-na-zona-sul","tag-reforma-de-telhados-no-alto-da-boa-vista","tag-reforma-de-telhados-no-campo-belo","tag-reforma-de-telhados-perto-de-mim","tag-reforma-de-telhados-proximo-a-mim","tag-reforma-dos-telhados-em-sao-paulo","tag-reforma-dos-telhados-em-sp","tag-reforma-dos-telhados-na-regiao-metropolitana","tag-reforma-dos-telhados-na-vila-santa-catarina","tag-reforma-dos-telhados-na-vila-sao-francisco","tag-reforma-dos-telhados-na-zona-sul","tag-reforma-dos-telhados-no-alto-da-boa-vista","tag-reforma-dos-telhados-no-campo-belo","tag-reforma-dos-telhados-perto-de-mim","tag-reforma-dos-telhados-preco","tag-reforma-dos-telhados-proximo-a-mim","tag-reforma-parcial-de-telhado-zona-sul","tag-reforma-urgente-de-telhado-em-sao-paulo","tag-reformar-o-telhado-valoriza-o-imovel","tag-reformar-ou-trocar-o-telhado-o-que-compensa","tag-revisao-de-telhado-em-sp","tag-servico-de-reforma-de-telhados","tag-servico-de-reforma-dos-telhados","tag-telhado-com-infiltracao-zona-sul","tag-telhado-de-fibrocimento-e-indicado-para-zona-sul","tag-telhado-sustentavel-zona-sul-sp","tag-telhados-zona-sul-sp","tag-telhas-termoacusticas-funcionam-de-verdade","tag-telhas-termoacusticas-zona-sul","tag-vale-a-pena-usar-manta-termica-na-cobertura","latest_post"],"yoast_head":"<!-- This site is optimized with the Yoast SEO plugin v21.4 - https:\/\/yoast.com\/wordpress\/plugins\/seo\/ -->\n<title>Por que a reforma de telhados na zona sul n\u00e3o pode esperar - Coberturas Santo Amaro<\/title>\n<meta name=\"description\" content=\"Entenda por que adiar a reforma de telhados na zona sul \u00e9 um erro. Saiba como agir antes que os problemas prejudiquem sua estrutura.\" \/>\n<meta name=\"robots\" content=\"index, follow, max-snippet:-1, max-image-preview:large, max-video-preview:-1\" \/>\n<link rel=\"canonical\" href=\"https:\/\/www.coberturassantoamaro.com.br\/blog\/reforma-de-telhados-na-zona-sul\/\" \/>\n<meta property=\"og:locale\" content=\"pt_BR\" \/>\n<meta property=\"og:type\" content=\"article\" \/>\n<meta property=\"og:title\" content=\"Por que a reforma de telhados na zona sul n\u00e3o pode esperar - Coberturas Santo Amaro\" \/>\n<meta property=\"og:description\" content=\"Entenda por que adiar a reforma de telhados na zona sul \u00e9 um erro. Saiba como agir antes que os problemas prejudiquem sua estrutura.\" \/>\n<meta property=\"og:url\" content=\"https:\/\/www.coberturassantoamaro.com.br\/blog\/reforma-de-telhados-na-zona-sul\/\" \/>\n<meta property=\"og:site_name\" content=\"Coberturas Santo Amaro\" \/>\n<meta property=\"article:published_time\" content=\"2025-07-11T18:12:13+00:00\" \/>\n<meta property=\"og:image\" content=\"https:\/\/www.coberturassantoamaro.com.br\/blog\/wp-content\/uploads\/2025\/07\/2149343636.jpg\" \/>\n\t<meta property=\"og:image:width\" content=\"1000\" \/>\n\t<meta property=\"og:image:height\" content=\"667\" \/>\n\t<meta property=\"og:image:type\" content=\"image\/jpeg\" \/>\n<meta name=\"author\" content=\"admin\" \/>\n<meta name=\"twitter:card\" content=\"summary_large_image\" \/>\n<meta name=\"twitter:label1\" content=\"Escrito por\" \/>\n\t<meta name=\"twitter:data1\" content=\"admin\" \/>\n\t<meta name=\"twitter:label2\" content=\"Est. tempo de leitura\" \/>\n\t<meta name=\"twitter:data2\" content=\"4 minutos\" \/>\n<script type=\"application\/ld+json\" class=\"yoast-schema-graph\">{\"@context\":\"https:\/\/schema.org\",\"@graph\":[{\"@type\":\"Article\",\"@id\":\"https:\/\/www.coberturassantoamaro.com.br\/blog\/reforma-de-telhados-na-zona-sul\/#article\",\"isPartOf\":{\"@id\":\"https:\/\/www.coberturassantoamaro.com.br\/blog\/reforma-de-telhados-na-zona-sul\/\"},\"author\":{\"name\":\"admin\",\"@id\":\"https:\/\/www.coberturassantoamaro.com.br\/blog\/#\/schema\/person\/787e285024109a4c4575d7c8db7807cc\"},\"headline\":\"Por que a reforma de telhados na zona sul n\u00e3o pode esperar\",\"datePublished\":\"2025-07-11T18:12:13+00:00\",\"dateModified\":\"2025-07-11T18:12:13+00:00\",\"mainEntityOfPage\":{\"@id\":\"https:\/\/www.coberturassantoamaro.com.br\/blog\/reforma-de-telhados-na-zona-sul\/\"},\"wordCount\":672,\"commentCount\":0,\"publisher\":{\"@id\":\"https:\/\/www.coberturassantoamaro.com.br\/blog\/#organization\"},\"keywords\":[\"a reforma pode ser feita parcialmente?\",\"avaliar telhado com problema de mofo\",\"Coberturas Santo Amaro\",\"como escolher uma empresa de reforma de telhados em SP?\",\"como funciona a inspe\u00e7\u00e3o t\u00e9cnica do telhado?\",\"como garantir uma reforma de telhado sem imprevistos?\",\"\u00e9 seguro reformar telhado com estrutura antiga?\",\"empresa de cobertura met\u00e1lica SP\",\"empresa de reforma de telhado\",\"empresa especializada em telhados SP\",\"fornecedor de telhas cer\u00e2micas SP\",\"instala\u00e7\u00e3o de telhado em s\u00e3o paulo\",\"manuten\u00e7\u00e3o preventiva de telhados\",\"melhor empresa para reforma de telhados SP\",\"o que \u00e9 telha sandu\u00edche?\",\"or\u00e7amento de telhado em s\u00e3o paulo\",\"por que reformar o telhado na zona sul?\",\"posso reformar o telhado sem sair de casa?\",\"quais os sinais de que o telhado precisa de reforma?\",\"quais riscos existem ao adiar a reforma do telhado?\",\"qual a durabilidade de um telhado reformado?\",\"qual a empresa mais confi\u00e1vel em reformas de telhados em SP?\",\"qual o melhor material para coberturas em SP?\",\"qual o melhor tipo de telha para zona sul?\",\"quanto custa uma reforma de telhado em SP?\",\"reforma de telhado com estrutura met\u00e1lica\",\"reforma de telhado com manta t\u00e9rmica\",\"reforma de telhados em s\u00e3o paulo\",\"reforma de telhados em sp\",\"reforma de telhados na regi\u00e3o metropolitana\",\"reforma de telhados na vila santa catarina\",\"reforma de telhados na vila s\u00e3o francisco\",\"reforma de telhados na zona sul\",\"reforma de telhados no alto da boa vista\",\"reforma de telhados no campo belo\",\"reforma de telhados perto de mim\",\"reforma de telhados pr\u00f3ximo a mim\",\"reforma dos telhados em s\u00e3o paulo\",\"reforma dos telhados em sp\",\"reforma dos telhados na regi\u00e3o metropolitana\",\"reforma dos telhados na vila santa Catarina\",\"reforma dos telhados na vila s\u00e3o francisco\",\"reforma dos telhados na zona sul\",\"reforma dos telhados no alto da boa vista\",\"reforma dos telhados no campo belo\",\"reforma dos telhados perto de mim\",\"reforma dos telhados pre\u00e7o\",\"reforma dos telhados pr\u00f3ximo a mim\",\"reforma parcial de telhado zona sul\",\"reforma urgente de telhado em s\u00e3o paulo\",\"reformar o telhado valoriza o im\u00f3vel?\",\"reformar ou trocar o telhado: o que compensa?\",\"revis\u00e3o de telhado em SP\",\"servi\u00e7o de reforma de telhados\",\"servi\u00e7o de reforma dos telhados\",\"telhado com infiltra\u00e7\u00e3o zona sul\",\"telhado de fibrocimento \u00e9 indicado para zona sul?\",\"telhado sustent\u00e1vel zona sul SP\",\"telhados zona sul SP\",\"telhas termoac\u00fasticas funcionam de verdade?\",\"telhas termoac\u00fasticas zona sul\",\"vale a pena usar manta t\u00e9rmica na cobertura?\"],\"articleSection\":[\"reformas de telhado\"],\"inLanguage\":\"pt-BR\",\"potentialAction\":[{\"@type\":\"CommentAction\",\"name\":\"Comment\",\"target\":[\"https:\/\/www.coberturassantoamaro.com.br\/blog\/reforma-de-telhados-na-zona-sul\/#respond\"]}]},{\"@type\":\"WebPage\",\"@id\":\"https:\/\/www.coberturassantoamaro.com.br\/blog\/reforma-de-telhados-na-zona-sul\/\",\"url\":\"https:\/\/www.coberturassantoamaro.com.br\/blog\/reforma-de-telhados-na-zona-sul\/\",\"name\":\"Por que a reforma de telhados na zona sul n\u00e3o pode esperar - Coberturas Santo Amaro\",\"isPartOf\":{\"@id\":\"https:\/\/www.coberturassantoamaro.com.br\/blog\/#website\"},\"datePublished\":\"2025-07-11T18:12:13+00:00\",\"dateModified\":\"2025-07-11T18:12:13+00:00\",\"description\":\"Entenda por que adiar a reforma de telhados na zona sul \u00e9 um erro. Saiba como agir antes que os problemas prejudiquem sua estrutura.\",\"breadcrumb\":{\"@id\":\"https:\/\/www.coberturassantoamaro.com.br\/blog\/reforma-de-telhados-na-zona-sul\/#breadcrumb\"},\"inLanguage\":\"pt-BR\",\"potentialAction\":[{\"@type\":\"ReadAction\",\"target\":[\"https:\/\/www.coberturassantoamaro.com.br\/blog\/reforma-de-telhados-na-zona-sul\/\"]}]},{\"@type\":\"BreadcrumbList\",\"@id\":\"https:\/\/www.coberturassantoamaro.com.br\/blog\/reforma-de-telhados-na-zona-sul\/#breadcrumb\",\"itemListElement\":[{\"@type\":\"ListItem\",\"position\":1,\"name\":\"In\u00edcio\",\"item\":\"https:\/\/www.coberturassantoamaro.com.br\/blog\/\"},{\"@type\":\"ListItem\",\"position\":2,\"name\":\"Por que a reforma de telhados na zona sul n\u00e3o pode esperar\"}]},{\"@type\":\"WebSite\",\"@id\":\"https:\/\/www.coberturassantoamaro.com.br\/blog\/#website\",\"url\":\"https:\/\/www.coberturassantoamaro.com.br\/blog\/\",\"name\":\"Coberturas Santo Amaro\",\"description\":\"\",\"publisher\":{\"@id\":\"https:\/\/www.coberturassantoamaro.com.br\/blog\/#organization\"},\"potentialAction\":[{\"@type\":\"SearchAction\",\"target\":{\"@type\":\"EntryPoint\",\"urlTemplate\":\"https:\/\/www.coberturassantoamaro.com.br\/blog\/?s={search_term_string}\"},\"query-input\":\"required name=search_term_string\"}],\"inLanguage\":\"pt-BR\"},{\"@type\":\"Organization\",\"@id\":\"https:\/\/www.coberturassantoamaro.com.br\/blog\/#organization\",\"name\":\"Coberturas Santo Amaro\",\"url\":\"https:\/\/www.coberturassantoamaro.com.br\/blog\/\",\"logo\":{\"@type\":\"ImageObject\",\"inLanguage\":\"pt-BR\",\"@id\":\"https:\/\/www.coberturassantoamaro.com.br\/blog\/#\/schema\/logo\/image\/\",\"url\":\"https:\/\/www.coberturassantoamaro.com.br\/blog\/wp-content\/uploads\/2023\/10\/logo.png\",\"contentUrl\":\"https:\/\/www.coberturassantoamaro.com.br\/blog\/wp-content\/uploads\/2023\/10\/logo.png\",\"width\":450,\"height\":100,\"caption\":\"Coberturas Santo Amaro\"},\"image\":{\"@id\":\"https:\/\/www.coberturassantoamaro.com.br\/blog\/#\/schema\/logo\/image\/\"}},{\"@type\":\"Person\",\"@id\":\"https:\/\/www.coberturassantoamaro.com.br\/blog\/#\/schema\/person\/787e285024109a4c4575d7c8db7807cc\",\"name\":\"admin\",\"image\":{\"@type\":\"ImageObject\",\"inLanguage\":\"pt-BR\",\"@id\":\"https:\/\/www.coberturassantoamaro.com.br\/blog\/#\/schema\/person\/image\/\",\"url\":\"https:\/\/secure.gravatar.com\/avatar\/3813f53848958b8842eeafda91666185a90010f65ed554379b78794cde6f234a?s=96&d=mm&r=g\",\"contentUrl\":\"https:\/\/secure.gravatar.com\/avatar\/3813f53848958b8842eeafda91666185a90010f65ed554379b78794cde6f234a?s=96&d=mm&r=g\",\"caption\":\"admin\"},\"sameAs\":[\"https:\/\/coberturassantoamaro.com.br\/blog\"],\"url\":\"https:\/\/www.coberturassantoamaro.com.br\/blog\/author\/admin\/\"}]}<\/script>\n<!-- \/ Yoast SEO plugin. -->","yoast_head_json":{"title":"Por que a reforma de telhados na zona sul n\u00e3o pode esperar - Coberturas Santo Amaro","description":"Entenda por que adiar a reforma de telhados na zona sul \u00e9 um erro. Saiba como agir antes que os problemas prejudiquem sua estrutura.","robots":{"index":"index","follow":"follow","max-snippet":"max-snippet:-1","max-image-preview":"max-image-preview:large","max-video-preview":"max-video-preview:-1"},"canonical":"https:\/\/www.coberturassantoamaro.com.br\/blog\/reforma-de-telhados-na-zona-sul\/","og_locale":"pt_BR","og_type":"article","og_title":"Por que a reforma de telhados na zona sul n\u00e3o pode esperar - Coberturas Santo Amaro","og_description":"Entenda por que adiar a reforma de telhados na zona sul \u00e9 um erro. Saiba como agir antes que os problemas prejudiquem sua estrutura.","og_url":"https:\/\/www.coberturassantoamaro.com.br\/blog\/reforma-de-telhados-na-zona-sul\/","og_site_name":"Coberturas Santo Amaro","article_published_time":"2025-07-11T18:12:13+00:00","og_image":[{"width":1000,"height":667,"url":"https:\/\/www.coberturassantoamaro.com.br\/blog\/wp-content\/uploads\/2025\/07\/2149343636.jpg","type":"image\/jpeg"}],"author":"admin","twitter_card":"summary_large_image","twitter_misc":{"Escrito por":"admin","Est. tempo de leitura":"4 minutos"},"schema":{"@context":"https:\/\/schema.org","@graph":[{"@type":"Article","@id":"https:\/\/www.coberturassantoamaro.com.br\/blog\/reforma-de-telhados-na-zona-sul\/#article","isPartOf":{"@id":"https:\/\/www.coberturassantoamaro.com.br\/blog\/reforma-de-telhados-na-zona-sul\/"},"author":{"name":"admin","@id":"https:\/\/www.coberturassantoamaro.com.br\/blog\/#\/schema\/person\/787e285024109a4c4575d7c8db7807cc"},"headline":"Por que a reforma de telhados na zona sul n\u00e3o pode esperar","datePublished":"2025-07-11T18:12:13+00:00","dateModified":"2025-07-11T18:12:13+00:00","mainEntityOfPage":{"@id":"https:\/\/www.coberturassantoamaro.com.br\/blog\/reforma-de-telhados-na-zona-sul\/"},"wordCount":672,"commentCount":0,"publisher":{"@id":"https:\/\/www.coberturassantoamaro.com.br\/blog\/#organization"},"keywords":["a reforma pode ser feita parcialmente?","avaliar telhado com problema de mofo","Coberturas Santo Amaro","como escolher uma empresa de reforma de telhados em SP?","como funciona a inspe\u00e7\u00e3o t\u00e9cnica do telhado?","como garantir uma reforma de telhado sem imprevistos?","\u00e9 seguro reformar telhado com estrutura antiga?","empresa de cobertura met\u00e1lica SP","empresa de reforma de telhado","empresa especializada em telhados SP","fornecedor de telhas cer\u00e2micas SP","instala\u00e7\u00e3o de telhado em s\u00e3o paulo","manuten\u00e7\u00e3o preventiva de telhados","melhor empresa para reforma de telhados SP","o que \u00e9 telha sandu\u00edche?","or\u00e7amento de telhado em s\u00e3o paulo","por que reformar o telhado na zona sul?","posso reformar o telhado sem sair de casa?","quais os sinais de que o telhado precisa de reforma?","quais riscos existem ao adiar a reforma do telhado?","qual a durabilidade de um telhado reformado?","qual a empresa mais confi\u00e1vel em reformas de telhados em SP?","qual o melhor material para coberturas em SP?","qual o melhor tipo de telha para zona sul?","quanto custa uma reforma de telhado em SP?","reforma de telhado com estrutura met\u00e1lica","reforma de telhado com manta t\u00e9rmica","reforma de telhados em s\u00e3o paulo","reforma de telhados em sp","reforma de telhados na regi\u00e3o metropolitana","reforma de telhados na vila santa catarina","reforma de telhados na vila s\u00e3o francisco","reforma de telhados na zona sul","reforma de telhados no alto da boa vista","reforma de telhados no campo belo","reforma de telhados perto de mim","reforma de telhados pr\u00f3ximo a mim","reforma dos telhados em s\u00e3o paulo","reforma dos telhados em sp","reforma dos telhados na regi\u00e3o metropolitana","reforma dos telhados na vila santa Catarina","reforma dos telhados na vila s\u00e3o francisco","reforma dos telhados na zona sul","reforma dos telhados no alto da boa vista","reforma dos telhados no campo belo","reforma dos telhados perto de mim","reforma dos telhados pre\u00e7o","reforma dos telhados pr\u00f3ximo a mim","reforma parcial de telhado zona sul","reforma urgente de telhado em s\u00e3o paulo","reformar o telhado valoriza o im\u00f3vel?","reformar ou trocar o telhado: o que compensa?","revis\u00e3o de telhado em SP","servi\u00e7o de reforma de telhados","servi\u00e7o de reforma dos telhados","telhado com infiltra\u00e7\u00e3o zona sul","telhado de fibrocimento \u00e9 indicado para zona sul?","telhado sustent\u00e1vel zona sul SP","telhados zona sul SP","telhas termoac\u00fasticas funcionam de verdade?","telhas termoac\u00fasticas zona sul","vale a pena usar manta t\u00e9rmica na cobertura?"],"articleSection":["reformas de telhado"],"inLanguage":"pt-BR","potentialAction":[{"@type":"CommentAction","name":"Comment","target":["https:\/\/www.coberturassantoamaro.com.br\/blog\/reforma-de-telhados-na-zona-sul\/#respond"]}]},{"@type":"WebPage","@id":"https:\/\/www.coberturassantoamaro.com.br\/blog\/reforma-de-telhados-na-zona-sul\/","url":"https:\/\/www.coberturassantoamaro.com.br\/blog\/reforma-de-telhados-na-zona-sul\/","name":"Por que a reforma de telhados na zona sul n\u00e3o pode esperar - Coberturas Santo Amaro","isPartOf":{"@id":"https:\/\/www.coberturassantoamaro.com.br\/blog\/#website"},"datePublished":"2025-07-11T18:12:13+00:00","dateModified":"2025-07-11T18:12:13+00:00","description":"Entenda por que adiar a reforma de telhados na zona sul \u00e9 um erro. Saiba como agir antes que os problemas prejudiquem sua estrutura.","breadcrumb":{"@id":"https:\/\/www.coberturassantoamaro.com.br\/blog\/reforma-de-telhados-na-zona-sul\/#breadcrumb"},"inLanguage":"pt-BR","potentialAction":[{"@type":"ReadAction","target":["https:\/\/www.coberturassantoamaro.com.br\/blog\/reforma-de-telhados-na-zona-sul\/"]}]},{"@type":"BreadcrumbList","@id":"https:\/\/www.coberturassantoamaro.com.br\/blog\/reforma-de-telhados-na-zona-sul\/#breadcrumb","itemListElement":[{"@type":"ListItem","position":1,"name":"In\u00edcio","item":"https:\/\/www.coberturassantoamaro.com.br\/blog\/"},{"@type":"ListItem","position":2,"name":"Por que a reforma de telhados na zona sul n\u00e3o pode esperar"}]},{"@type":"WebSite","@id":"https:\/\/www.coberturassantoamaro.com.br\/blog\/#website","url":"https:\/\/www.coberturassantoamaro.com.br\/blog\/","name":"Coberturas Santo Amaro","description":"","publisher":{"@id":"https:\/\/www.coberturassantoamaro.com.br\/blog\/#organization"},"potentialAction":[{"@type":"SearchAction","target":{"@type":"EntryPoint","urlTemplate":"https:\/\/www.coberturassantoamaro.com.br\/blog\/?s={search_term_string}"},"query-input":"required name=search_term_string"}],"inLanguage":"pt-BR"},{"@type":"Organization","@id":"https:\/\/www.coberturassantoamaro.com.br\/blog\/#organization","name":"Coberturas Santo Amaro","url":"https:\/\/www.coberturassantoamaro.com.br\/blog\/","logo":{"@type":"ImageObject","inLanguage":"pt-BR","@id":"https:\/\/www.coberturassantoamaro.com.br\/blog\/#\/schema\/logo\/image\/","url":"https:\/\/www.coberturassantoamaro.com.br\/blog\/wp-content\/uploads\/2023\/10\/logo.png","contentUrl":"https:\/\/www.coberturassantoamaro.com.br\/blog\/wp-content\/uploads\/2023\/10\/logo.png","width":450,"height":100,"caption":"Coberturas Santo Amaro"},"image":{"@id":"https:\/\/www.coberturassantoamaro.com.br\/blog\/#\/schema\/logo\/image\/"}},{"@type":"Person","@id":"https:\/\/www.coberturassantoamaro.com.br\/blog\/#\/schema\/person\/787e285024109a4c4575d7c8db7807cc","name":"admin","image":{"@type":"ImageObject","inLanguage":"pt-BR","@id":"https:\/\/www.coberturassantoamaro.com.br\/blog\/#\/schema\/person\/image\/","url":"https:\/\/secure.gravatar.com\/avatar\/3813f53848958b8842eeafda91666185a90010f65ed554379b78794cde6f234a?s=96&d=mm&r=g","contentUrl":"https:\/\/secure.gravatar.com\/avatar\/3813f53848958b8842eeafda91666185a90010f65ed554379b78794cde6f234a?s=96&d=mm&r=g","caption":"admin"},"sameAs":["https:\/\/coberturassantoamaro.com.br\/blog"],"url":"https:\/\/www.coberturassantoamaro.com.br\/blog\/author\/admin\/"}]}},"_links":{"self":[{"href":"https:\/\/www.coberturassantoamaro.com.br\/blog\/wp-json\/wp\/v2\/posts\/179","targetHints":{"allow":["GET"]}}],"collection":[{"href":"https:\/\/www.coberturassantoamaro.com.br\/blog\/wp-json\/wp\/v2\/posts"}],"about":[{"href":"https:\/\/www.coberturassantoamaro.com.br\/blog\/wp-json\/wp\/v2\/types\/post"}],"author":[{"embeddable":true,"href":"https:\/\/www.coberturassantoamaro.com.br\/blog\/wp-json\/wp\/v2\/users\/1"}],"replies":[{"embeddable":true,"href":"https:\/\/www.coberturassantoamaro.com.br\/blog\/wp-json\/wp\/v2\/comments?post=179"}],"version-history":[{"count":1,"href":"https:\/\/www.coberturassantoamaro.com.br\/blog\/wp-json\/wp\/v2\/posts\/179\/revisions"}],"predecessor-version":[{"id":182,"href":"https:\/\/www.coberturassantoamaro.com.br\/blog\/wp-json\/wp\/v2\/posts\/179\/revisions\/182"}],"wp:featuredmedia":[{"embeddable":true,"href":"https:\/\/www.coberturassantoamaro.com.br\/blog\/wp-json\/wp\/v2\/media\/180"}],"wp:attachment":[{"href":"https:\/\/www.coberturassantoamaro.com.br\/blog\/wp-json\/wp\/v2\/media?parent=179"}],"wp:term":[{"taxonomy":"category","embeddable":true,"href":"https:\/\/www.coberturassantoamaro.com.br\/blog\/wp-json\/wp\/v2\/categories?post=179"},{"taxonomy":"post_tag","embeddable":true,"href":"https:\/\/www.coberturassantoamaro.com.br\/blog\/wp-json\/wp\/v2\/tags?post=179"}],"curies":[{"name":"wp","href":"https:\/\/api.w.org\/{rel}","templated":true}]}}