{"id":83,"date":"2024-05-27T14:33:29","date_gmt":"2024-05-27T14:33:29","guid":{"rendered":"https:\/\/www.coberturassantoamaro.com.br\/blog\/?p=83"},"modified":"2024-05-27T14:41:02","modified_gmt":"2024-05-27T14:41:02","slug":"por-que-escolher-telhas-termoacusticas-para-o-seu-projeto","status":"publish","type":"post","link":"https:\/\/www.coberturassantoamaro.com.br\/blog\/por-que-escolher-telhas-termoacusticas-para-o-seu-projeto\/","title":{"rendered":"Por que escolher telhas termoac\u00fasticas para o seu projeto?"},"content":{"rendered":"<span class=\"span-reading-time rt-reading-time\" style=\"display: block;\"><span class=\"rt-label rt-prefix\">Tempo de leitura: <\/span> <span class=\"rt-time\"> 3<\/span> <span class=\"rt-label rt-postfix\">minutos<\/span><\/span><p><em><strong>Descubra as vantagens das telhas termoac\u00fasticas e encontre as melhores op\u00e7\u00f5es na Coberturas Santo Amaro, l\u00edder desde 1981.<\/strong><\/em><\/p>\n<p><span style=\"font-weight: 400;\">No mundo da constru\u00e7\u00e3o civil, a busca por materiais que ofere\u00e7am n\u00e3o apenas qualidade e durabilidade, mas tamb\u00e9m funcionalidades adicionais, \u00e9 constante.\u00a0<\/span><\/p>\n<p><span style=\"font-weight: 400;\">As <\/span><b>telhas termoac\u00fasticas<\/b><span style=\"font-weight: 400;\"> s\u00e3o uma excelente escolha para quem deseja efici\u00eancia energ\u00e9tica e conforto ac\u00fastico.\u00a0<\/span><\/p>\n<p><span style=\"font-weight: 400;\">Este artigo detalha por que optar por telhas termoac\u00fasticas pode ser uma decis\u00e3o acertada para o seu projeto de constru\u00e7\u00e3o ou reforma.<\/span><\/p>\n<ul>\n<li><a href=\"https:\/\/www.coberturassantoamaro.com.br\/blog\/coberturas-retrateis-vantagens-e-aplicacoes\/\">Coberturas retr\u00e1teis: vantagens e aplica\u00e7\u00f5es<\/a><\/li>\n<li><a href=\"https:\/\/www.coberturassantoamaro.com.br\/blog\/seguranca-e-elegancia-como-as-reformas-de-telhado-podem-mudar-sua-casa\/\">Seguran\u00e7a e eleg\u00e2ncia: como as reformas de telhado podem mudar sua casa<\/a><\/li>\n<\/ul>\n<div id=\"ez-toc-container\" class=\"ez-toc-v2_0_75 counter-hierarchy ez-toc-counter ez-toc-grey ez-toc-container-direction\">\n<div class=\"ez-toc-title-container\">\n<p class=\"ez-toc-title\" style=\"cursor:inherit\">O que abordaremos neste artigo:<\/p>\n<span class=\"ez-toc-title-toggle\"><a href=\"#\" class=\"ez-toc-pull-right ez-toc-btn ez-toc-btn-xs ez-toc-btn-default ez-toc-toggle\" aria-label=\"Alternar tabela de conte\u00fado\"><span class=\"ez-toc-js-icon-con\"><span class=\"\"><span class=\"eztoc-hide\" style=\"display:none;\">Toggle<\/span><span class=\"ez-toc-icon-toggle-span\"><svg style=\"fill: #999;color:#999\" xmlns=\"http:\/\/www.w3.org\/2000\/svg\" class=\"list-377408\" width=\"20px\" height=\"20px\" viewBox=\"0 0 24 24\" fill=\"none\"><path d=\"M6 6H4v2h2V6zm14 0H8v2h12V6zM4 11h2v2H4v-2zm16 0H8v2h12v-2zM4 16h2v2H4v-2zm16 0H8v2h12v-2z\" fill=\"currentColor\"><\/path><\/svg><svg style=\"fill: #999;color:#999\" class=\"arrow-unsorted-368013\" xmlns=\"http:\/\/www.w3.org\/2000\/svg\" width=\"10px\" height=\"10px\" viewBox=\"0 0 24 24\" version=\"1.2\" baseProfile=\"tiny\"><path d=\"M18.2 9.3l-6.2-6.3-6.2 6.3c-.2.2-.3.4-.3.7s.1.5.3.7c.2.2.4.3.7.3h11c.3 0 .5-.1.7-.3.2-.2.3-.5.3-.7s-.1-.5-.3-.7zM5.8 14.7l6.2 6.3 6.2-6.3c.2-.2.3-.5.3-.7s-.1-.5-.3-.7c-.2-.2-.4-.3-.7-.3h-11c-.3 0-.5.1-.7.3-.2.2-.3.5-.3.7s.1.5.3.7z\"\/><\/svg><\/span><\/span><\/span><\/a><\/span><\/div>\n<nav><ul class='ez-toc-list ez-toc-list-level-1 ' ><li class='ez-toc-page-1 ez-toc-heading-level-2'><a class=\"ez-toc-link ez-toc-heading-1\" href=\"https:\/\/www.coberturassantoamaro.com.br\/blog\/por-que-escolher-telhas-termoacusticas-para-o-seu-projeto\/#O_que_sao_telhas_termoacusticas\" >O que s\u00e3o telhas termoac\u00fasticas?<\/a><\/li><li class='ez-toc-page-1 ez-toc-heading-level-2'><a class=\"ez-toc-link ez-toc-heading-2\" href=\"https:\/\/www.coberturassantoamaro.com.br\/blog\/por-que-escolher-telhas-termoacusticas-para-o-seu-projeto\/#Quais_sao_suas_vantagens\" >Quais s\u00e3o suas vantagens?<\/a><\/li><li class='ez-toc-page-1 ez-toc-heading-level-2'><a class=\"ez-toc-link ez-toc-heading-3\" href=\"https:\/\/www.coberturassantoamaro.com.br\/blog\/por-que-escolher-telhas-termoacusticas-para-o-seu-projeto\/#Quais_sao_os_melhores_lugares_para_se_utilizar\" >Quais s\u00e3o os melhores lugares para se utilizar?<\/a><\/li><li class='ez-toc-page-1 ez-toc-heading-level-2'><a class=\"ez-toc-link ez-toc-heading-4\" href=\"https:\/\/www.coberturassantoamaro.com.br\/blog\/por-que-escolher-telhas-termoacusticas-para-o-seu-projeto\/#Onde_encontrar_telhas_termoacusticas\" >Onde encontrar telhas termoac\u00fasticas?<\/a><\/li><\/ul><\/nav><\/div>\n<h2><span class=\"ez-toc-section\" id=\"O_que_sao_telhas_termoacusticas\"><\/span><span style=\"font-weight: 400;\">O que s\u00e3o telhas termoac\u00fasticas?<\/span><span class=\"ez-toc-section-end\"><\/span><\/h2>\n<p><span style=\"font-weight: 400;\">As telhas termoac\u00fasticas, tamb\u00e9m conhecidas como telhas sandu\u00edche, s\u00e3o <\/span><b>compostas por duas camadas de material<\/b><span style=\"font-weight: 400;\">, geralmente metal ou fibrocimento, <\/span><b>com um n\u00facleo isolante entre elas<\/b><span style=\"font-weight: 400;\">.\u00a0<\/span><\/p>\n<p><span style=\"font-weight: 400;\">Esse n\u00facleo pode ser feito de poliestireno (EPS) ou poliuretano (PU).\u00a0<\/span><\/p>\n<p><span style=\"font-weight: 400;\">Essa composi\u00e7\u00e3o confere \u00e0s telhas excelentes propriedades de <\/span><b>isolamento t\u00e9rmico e ac\u00fastico<\/b><span style=\"font-weight: 400;\">, tornando-as ideais para diversos tipos de constru\u00e7\u00f5es que requerem conforto ambiental e efici\u00eancia energ\u00e9tica.<\/span><\/p>\n<h2><span class=\"ez-toc-section\" id=\"Quais_sao_suas_vantagens\"><\/span><span style=\"font-weight: 400;\">Quais s\u00e3o suas vantagens?<\/span><span class=\"ez-toc-section-end\"><\/span><\/h2>\n<p><span style=\"font-weight: 400;\">As telhas termoac\u00fasticas oferecem m\u00faltiplas vantagens que justificam sua escolha para projetos de constru\u00e7\u00e3o:<\/span><b><\/b><\/p>\n<p><img decoding=\"async\" class=\"wp-image-85 alignright lazyload\" data-src=\"https:\/\/www.coberturassantoamaro.com.br\/blog\/wp-content\/uploads\/2024\/05\/AT-416.jpg\" alt=\"\" width=\"266\" height=\"199\" src=\"data:image\/svg+xml;base64,PHN2ZyB3aWR0aD0iMSIgaGVpZ2h0PSIxIiB4bWxucz0iaHR0cDovL3d3dy53My5vcmcvMjAwMC9zdmciPjwvc3ZnPg==\" style=\"--smush-placeholder-width: 266px; --smush-placeholder-aspect-ratio: 266\/199;\" \/><\/p>\n<ol>\n<li aria-level=\"1\"><b>Conforto t\u00e9rmico: <\/b><span style=\"font-weight: 400;\">reduzem a transfer\u00eancia de calor, mantendo os ambientes internos mais frescos no ver\u00e3o e mais aquecidos no inverno.<\/span><\/li>\n<li aria-level=\"1\"><b>Isolamento ac\u00fastico:<\/b><span style=\"font-weight: 400;\"> diminuem significativamente a entrada de ru\u00eddos externos, ideal para \u00e1reas pr\u00f3ximas a aeroportos, rodovias ou zonas industriais.<\/span><\/li>\n<li aria-level=\"1\"><b>Durabilidade e resist\u00eancia: <\/b><span style=\"font-weight: 400;\">s\u00e3o altamente resistentes a intemp\u00e9ries, como chuva e ventos, e n\u00e3o corroem facilmente.<\/span><\/li>\n<li aria-level=\"1\"><b>Facilidade e rapidez na instala\u00e7\u00e3o:<\/b><span style=\"font-weight: 400;\"> seu sistema modular permite uma instala\u00e7\u00e3o r\u00e1pida, o que reduz os custos de m\u00e3o de obra.<\/span><\/li>\n<li aria-level=\"1\"><b>Versatilidade: <\/b><span style=\"font-weight: 400;\">dispon\u00edveis em diversas cores e acabamentos, adaptam-se a diferentes estilos arquitet\u00f4nicos.<\/span><\/li>\n<\/ol>\n<ul>\n<li><a href=\"https:\/\/www.coberturassantoamaro.com.br\/blog\/telhados-de-fibrocimento-em-sao-paulo-modernidade-e-eficiencia-na-cobertura-urbana\/\">Telhados de fibrocimento em S\u00e3o Paulo: modernidade e efici\u00eancia na cobertura urbana<\/a><\/li>\n<li><a href=\"https:\/\/www.coberturassantoamaro.com.br\/blog\/pergolados-de-madeira-onde-encontrar\/\">Pergolados de madeira: onde encontrar?<\/a><\/li>\n<\/ul>\n<h2><span class=\"ez-toc-section\" id=\"Quais_sao_os_melhores_lugares_para_se_utilizar\"><\/span><span style=\"font-weight: 400;\">Quais s\u00e3o os melhores lugares para se utilizar?<\/span><span class=\"ez-toc-section-end\"><\/span><\/h2>\n<p><span style=\"font-weight: 400;\">Devido \u00e0s suas caracter\u00edsticas, as telhas termoac\u00fasticas s\u00e3o perfeitamente adequadas para:<\/span><\/p>\n<ul>\n<li style=\"font-weight: 400;\" aria-level=\"1\"><b>Galp\u00f5es industriais e comerciais:<\/b><span style=\"font-weight: 400;\"> proporcionam um ambiente de trabalho mais agrad\u00e1vel e menos sujeito \u00e0s varia\u00e7\u00f5es clim\u00e1ticas externas.<\/span><\/li>\n<li style=\"font-weight: 400;\" aria-level=\"1\"><b>Centros de distribui\u00e7\u00e3o: <\/b><span style=\"font-weight: 400;\">mant\u00eam uma temperatura regulada, protegendo os produtos armazenados.<\/span><\/li>\n<li style=\"font-weight: 400;\" aria-level=\"1\"><b>Escolas e hospitais: <\/b><span style=\"font-weight: 400;\">oferecem a necess\u00e1ria tranquilidade atrav\u00e9s do isolamento de ru\u00eddos.<\/span><\/li>\n<li style=\"font-weight: 400;\" aria-level=\"1\"><b>Gin\u00e1sios e centros esportivos: <\/b><span style=\"font-weight: 400;\">garantem conforto para os usu\u00e1rios e espectadores.<\/span><\/li>\n<li style=\"font-weight: 400;\" aria-level=\"1\"><b>Resid\u00eancias: <\/b><span style=\"font-weight: 400;\">ideal para casas localizadas em regi\u00f5es de clima extremo ou onde o sil\u00eancio \u00e9 uma prioridade.<\/span><\/li>\n<\/ul>\n<h2><span class=\"ez-toc-section\" id=\"Onde_encontrar_telhas_termoacusticas\"><\/span><span style=\"font-weight: 400;\">Onde encontrar telhas termoac\u00fasticas?<\/span><span class=\"ez-toc-section-end\"><\/span><\/h2>\n<p><span style=\"font-weight: 400;\">Quando se trata de escolher o fornecedor certo para telhas termoac\u00fasticas, a <\/span><a href=\"https:\/\/www.coberturassantoamaro.com.br\/\"><b>Coberturas Santo Amaro<\/b><\/a><span style=\"font-weight: 400;\"> se destaca no mercado.\u00a0<\/span><\/p>\n<p><span style=\"font-weight: 400;\">Fundada em 1981, a empresa \u00e9 especializada em solu\u00e7\u00f5es para coberturas e oferece n\u00e3o apenas telhas termoac\u00fasticas, mas tamb\u00e9m op\u00e7\u00f5es em policarbonato, cer\u00e2mica e fibrocimento com estruturas met\u00e1licas ou de madeira.<\/span><\/p>\n<p><span style=\"font-weight: 400;\">A Coberturas Santo Amaro \u00e9 conhecida por sua dedica\u00e7\u00e3o ao atendimento de alta qualidade e utiliza\u00e7\u00e3o dos melhores materiais do mercado.\u00a0<\/span><\/p>\n<p><span style=\"font-weight: 400;\">Com uma equipe de profissionais experientes, a empresa garante que cada projeto seja executado com excel\u00eancia e precis\u00e3o, atendendo \u00e0s necessidades espec\u00edficas de cada cliente.<\/span><\/p>\n<p><span style=\"font-weight: 400;\">Entre em <a href=\"https:\/\/www.coberturassantoamaro.com.br\/contato\">contato<\/a> conosco!<\/span><\/p>\n<p><span style=\"font-weight: 400;\">O que achou do conte\u00fado? Caso tenha gostado, continue acompanhando o blog da Coberturas Santo Amaro e saiba mais informa\u00e7\u00f5es sobre telhas termoac\u00fasticas!<\/span><\/p>\n<p><span style=\"font-weight: 400;\">At\u00e9 a pr\u00f3xima!<\/span><\/p>\n","protected":false},"excerpt":{"rendered":"<p><span class=\"span-reading-time rt-reading-time\" style=\"display: block;\"><span class=\"rt-label rt-prefix\">Tempo de leitura: <\/span> <span class=\"rt-time\"> 3<\/span> <span class=\"rt-label rt-postfix\">minutos<\/span><\/span>Descubra as vantagens das telhas termoac\u00fasticas e encontre as melhores op\u00e7\u00f5es na Coberturas Santo Amaro, l\u00edder desde 1981. No mundo da constru\u00e7\u00e3o civil, a busca por materiais que ofere\u00e7am n\u00e3o apenas qualidade e durabilidade, mas tamb\u00e9m funcionalidades adicionais, \u00e9 constante.\u00a0 As telhas termoac\u00fasticas s\u00e3o uma excelente escolha para quem deseja efici\u00eancia energ\u00e9tica e conforto ac\u00fastico.\u00a0 &hellip; <\/p>\n","protected":false},"author":1,"featured_media":87,"comment_status":"open","ping_status":"open","sticky":false,"template":"","format":"standard","meta":{"footnotes":""},"categories":[126],"tags":[570,584,142,565,135,134,136,150,587,581,146,133,147,162,128,532,531,528,546,545,544,549,548,547,129,534,533,537,536,535,540,539,538,543,542,541,527,132,554,553,530,552,551,550,145,572,571,569,583,567,564,560,558,562,578,586,580,574,556,576,529,526,375,568,582,566,563,559,557,561,577,585,579,573,555,575],"class_list":["post-83","post","type-post","status-publish","format-standard","has-post-thumbnail","hentry","category-cobertura-termoacustica","tag-cobertura-termoacustica-direto-da-fabrica","tag-cobertura-termoacustica-em-diadema","tag-cobertura-termoacustica-em-promocao","tag-cobertura-termoacustica-em-santo-amaro","tag-cobertura-termoacustica-em-sao-paulo","tag-cobertura-termoacustica-em-sp","tag-cobertura-termoacustica-na-zona-sul","tag-cobertura-termoacustica-no-brooklin","tag-cobertura-termoacustica-no-campo-limpo","tag-cobertura-termoacustica-no-taboao-da-serra","tag-cobertura-termoacustica-perto-de-mim","tag-cobertura-termoacustica-preco","tag-cobertura-termoacustica-proximo-a-mim","tag-coberturas-santo-amaro","tag-comprar-cobertura-termoacustica","tag-comprar-telhado-termoacustico","tag-comprar-telhas-termoacusticas","tag-conforto-acustico","tag-distribuidor-de-cobertura-termoacustica","tag-distribuidor-de-telhado-termoacustico","tag-distribuidor-de-telhas-termoacusticas","tag-distribuidora-de-cobertura-termoacustica","tag-distribuidora-de-telhado-termoacustico","tag-distribuidora-de-telhas-termoacusticas","tag-empresa-de-cobertura-termoacustica","tag-empresa-de-telhado-termoacustico","tag-empresa-de-telhas-termoacusticas","tag-fabrica-de-cobertura-termoacustica","tag-fabrica-de-telhado-termoacustico","tag-fabrica-de-telhas-termoacusticas","tag-fabricante-de-cobertura-termoacustica","tag-fabricante-de-telhado-termoacustico","tag-fabricante-de-telhas-termoacusticas","tag-fornecedor-de-cobertura-termoacustica","tag-fornecedor-de-telhado-termoacustico","tag-fornecedor-de-telhas-termoacusticas","tag-isolamento-termico","tag-loja-de-cobertura-termoacustica","tag-loja-de-telhado-termoacustico","tag-loja-de-telhas-termoacusticas","tag-onde-encontrar-telhas-termoacusticas","tag-revendedor-de-cobertura-termoacustica","tag-revendedor-de-telhado-termoacustico","tag-revendedor-de-telhas-termoacusticas","tag-servico-de-cobertura-termoacustica","tag-servico-de-telhado-termoacustico","tag-servico-de-telhas-termoacusticas","tag-telhado-termoacustico-direto-da-fabrica","tag-telhado-termoacustico-em-diadema","tag-telhado-termoacustico-em-promocao","tag-telhado-termoacustico-em-santo-amaro","tag-telhado-termoacustico-em-sao-paulo","tag-telhado-termoacustico-em-sp","tag-telhado-termoacustico-na-zona-sul","tag-telhado-termoacustico-no-brooklin","tag-telhado-termoacustico-no-campo-limpo","tag-telhado-termoacustico-no-taboao-da-serra","tag-telhado-termoacustico-perto-de-mim","tag-telhado-termoacustico-preco","tag-telhado-termoacustico-proximo-a-mim","tag-telhas-de-qualidade","tag-telhas-sanduiche","tag-telhas-termoacusticas","tag-telhas-termoacusticas-direto-da-fabrica","tag-telhas-termoacusticas-em-diadema","tag-telhas-termoacusticas-em-promocao","tag-telhas-termoacusticas-em-santo-amaro","tag-telhas-termoacusticas-em-sao-paulo","tag-telhas-termoacusticas-em-sp","tag-telhas-termoacusticas-na-zona-sul","tag-telhas-termoacusticas-no-brooklin","tag-telhas-termoacusticas-no-campo-limpo","tag-telhas-termoacusticas-no-taboao-da-serra","tag-telhas-termoacusticas-perto-de-mim","tag-telhas-termoacusticas-preco","tag-telhas-termoacusticas-proximo-a-mim","latest_post"],"yoast_head":"<!-- This site is optimized with the Yoast SEO plugin v21.4 - https:\/\/yoast.com\/wordpress\/plugins\/seo\/ -->\n<title>Por que escolher telhas termoac\u00fasticas para o seu projeto? - Coberturas Santo Amaro<\/title>\n<meta name=\"description\" content=\"Descubra as vantagens das telhas termoac\u00fasticas e encontre as melhores op\u00e7\u00f5es na Coberturas Santo Amaro, l\u00edder desde 1981.\" \/>\n<meta name=\"robots\" content=\"index, follow, max-snippet:-1, max-image-preview:large, max-video-preview:-1\" \/>\n<link rel=\"canonical\" href=\"https:\/\/www.coberturassantoamaro.com.br\/blog\/por-que-escolher-telhas-termoacusticas-para-o-seu-projeto\/\" \/>\n<meta property=\"og:locale\" content=\"pt_BR\" \/>\n<meta property=\"og:type\" content=\"article\" \/>\n<meta property=\"og:title\" content=\"Por que escolher telhas termoac\u00fasticas para o seu projeto? - Coberturas Santo Amaro\" \/>\n<meta property=\"og:description\" content=\"Descubra as vantagens das telhas termoac\u00fasticas e encontre as melhores op\u00e7\u00f5es na Coberturas Santo Amaro, l\u00edder desde 1981.\" \/>\n<meta property=\"og:url\" content=\"https:\/\/www.coberturassantoamaro.com.br\/blog\/por-que-escolher-telhas-termoacusticas-para-o-seu-projeto\/\" \/>\n<meta property=\"og:site_name\" content=\"Coberturas Santo Amaro\" \/>\n<meta property=\"article:published_time\" content=\"2024-05-27T14:33:29+00:00\" \/>\n<meta property=\"article:modified_time\" content=\"2024-05-27T14:41:02+00:00\" \/>\n<meta property=\"og:image\" content=\"https:\/\/www.coberturassantoamaro.com.br\/blog\/wp-content\/uploads\/2024\/05\/AT-118-1-2.jpg\" \/>\n\t<meta property=\"og:image:width\" content=\"5000\" \/>\n\t<meta property=\"og:image:height\" content=\"2812\" \/>\n\t<meta property=\"og:image:type\" content=\"image\/jpeg\" \/>\n<meta name=\"author\" content=\"admin\" \/>\n<meta name=\"twitter:card\" content=\"summary_large_image\" \/>\n<meta name=\"twitter:label1\" content=\"Escrito por\" \/>\n\t<meta name=\"twitter:data1\" content=\"admin\" \/>\n\t<meta name=\"twitter:label2\" content=\"Est. tempo de leitura\" \/>\n\t<meta name=\"twitter:data2\" content=\"3 minutos\" \/>\n<script type=\"application\/ld+json\" class=\"yoast-schema-graph\">{\"@context\":\"https:\/\/schema.org\",\"@graph\":[{\"@type\":\"Article\",\"@id\":\"https:\/\/www.coberturassantoamaro.com.br\/blog\/por-que-escolher-telhas-termoacusticas-para-o-seu-projeto\/#article\",\"isPartOf\":{\"@id\":\"https:\/\/www.coberturassantoamaro.com.br\/blog\/por-que-escolher-telhas-termoacusticas-para-o-seu-projeto\/\"},\"author\":{\"name\":\"admin\",\"@id\":\"https:\/\/www.coberturassantoamaro.com.br\/blog\/#\/schema\/person\/787e285024109a4c4575d7c8db7807cc\"},\"headline\":\"Por que escolher telhas termoac\u00fasticas para o seu projeto?\",\"datePublished\":\"2024-05-27T14:33:29+00:00\",\"dateModified\":\"2024-05-27T14:41:02+00:00\",\"mainEntityOfPage\":{\"@id\":\"https:\/\/www.coberturassantoamaro.com.br\/blog\/por-que-escolher-telhas-termoacusticas-para-o-seu-projeto\/\"},\"wordCount\":597,\"commentCount\":0,\"publisher\":{\"@id\":\"https:\/\/www.coberturassantoamaro.com.br\/blog\/#organization\"},\"keywords\":[\"cobertura termoac\u00fastica direto da fabrica\",\"cobertura termoac\u00fastica em Diadema\",\"cobertura termoac\u00fastica em promo\u00e7\u00e3o\",\"cobertura termoac\u00fastica em Santo Amaro\",\"cobertura termoac\u00fastica em s\u00e3o paulo\",\"cobertura termoac\u00fastica em sp\",\"cobertura termoac\u00fastica na zona sul\",\"cobertura termoac\u00fastica no brooklin\",\"cobertura termoac\u00fastica no Campo Limpo\",\"cobertura termoac\u00fastica no Tabo\u00e3o da Serra\",\"cobertura termoac\u00fastica perto de mim\",\"cobertura termoac\u00fastica pre\u00e7o\",\"cobertura termoac\u00fastica pr\u00f3ximo a mim\",\"Coberturas Santo Amaro\",\"comprar cobertura termoac\u00fastica\",\"comprar telhado termoac\u00fastico\",\"comprar telhas termoac\u00fasticas\",\"conforto ac\u00fastico\",\"distribuidor de cobertura termoac\u00fastica\",\"distribuidor de telhado termoac\u00fastico\",\"distribuidor de telhas termoac\u00fasticas\",\"distribuidora de cobertura termoac\u00fastica\",\"distribuidora de telhado termoac\u00fastico\",\"distribuidora de telhas termoac\u00fasticas\",\"empresa de cobertura termoac\u00fastica\",\"empresa de telhado termoac\u00fastico\",\"empresa de telhas termoac\u00fasticas\",\"f\u00e1brica de cobertura termoac\u00fastica\",\"f\u00e1brica de telhado termoac\u00fastico\",\"f\u00e1brica de telhas termoac\u00fasticas\",\"fabricante de cobertura termoac\u00fastica\",\"fabricante de telhado termoac\u00fastico\",\"fabricante de telhas termoac\u00fasticas\",\"fornecedor de cobertura termoac\u00fastica\",\"fornecedor de telhado termoac\u00fastico\",\"fornecedor de telhas termoac\u00fasticas\",\"isolamento t\u00e9rmico\",\"loja de cobertura termoac\u00fastica\",\"loja de telhado termoac\u00fastico\",\"loja de telhas termoac\u00fasticas\",\"onde encontrar telhas termoac\u00fasticas\",\"revendedor de cobertura termoac\u00fastica\",\"revendedor de telhado termoac\u00fastico\",\"revendedor de telhas termoac\u00fasticas\",\"servi\u00e7o de cobertura termoac\u00fastica\",\"servi\u00e7o de telhado termoac\u00fastico\",\"servi\u00e7o de telhas termoac\u00fasticas\",\"telhado termoac\u00fastico direto da fabrica\",\"telhado termoac\u00fastico em Diadema\",\"telhado termoac\u00fastico em promo\u00e7\u00e3o\",\"telhado termoac\u00fastico em Santo Amaro\",\"telhado termoac\u00fastico em s\u00e3o paulo\",\"telhado termoac\u00fastico em sp\",\"telhado termoac\u00fastico na zona sul\",\"telhado termoac\u00fastico no Brooklin\",\"telhado termoac\u00fastico no Campo Limpo\",\"telhado termoac\u00fastico no Tabo\u00e3o da Serra\",\"telhado termoac\u00fastico perto de mim\",\"telhado termoac\u00fastico pre\u00e7o\",\"telhado termoac\u00fastico pr\u00f3ximo a mim\",\"telhas de qualidade\",\"telhas sandu\u00edche\",\"Telhas Termoac\u00fasticas\",\"telhas termoac\u00fasticas direto da fabrica\",\"telhas termoac\u00fasticas em Diadema\",\"telhas termoac\u00fasticas em promo\u00e7\u00e3o\",\"telhas termoac\u00fasticas em Santo Amaro\",\"telhas termoac\u00fasticas em s\u00e3o paulo\",\"telhas termoac\u00fasticas em sp\",\"telhas termoac\u00fasticas na zona sul\",\"telhas termoac\u00fasticas no Brooklin\",\"telhas termoac\u00fasticas no Campo Limpo\",\"telhas termoac\u00fasticas no Tabo\u00e3o da Serra\",\"telhas termoac\u00fasticas perto de mim\",\"telhas termoac\u00fasticas pre\u00e7o\",\"telhas termoac\u00fasticas pr\u00f3ximo a mim\"],\"articleSection\":[\"Cobertura termoac\u00fastica\"],\"inLanguage\":\"pt-BR\",\"potentialAction\":[{\"@type\":\"CommentAction\",\"name\":\"Comment\",\"target\":[\"https:\/\/www.coberturassantoamaro.com.br\/blog\/por-que-escolher-telhas-termoacusticas-para-o-seu-projeto\/#respond\"]}]},{\"@type\":\"WebPage\",\"@id\":\"https:\/\/www.coberturassantoamaro.com.br\/blog\/por-que-escolher-telhas-termoacusticas-para-o-seu-projeto\/\",\"url\":\"https:\/\/www.coberturassantoamaro.com.br\/blog\/por-que-escolher-telhas-termoacusticas-para-o-seu-projeto\/\",\"name\":\"Por que escolher telhas termoac\u00fasticas para o seu projeto? - Coberturas Santo Amaro\",\"isPartOf\":{\"@id\":\"https:\/\/www.coberturassantoamaro.com.br\/blog\/#website\"},\"datePublished\":\"2024-05-27T14:33:29+00:00\",\"dateModified\":\"2024-05-27T14:41:02+00:00\",\"description\":\"Descubra as vantagens das telhas termoac\u00fasticas e encontre as melhores op\u00e7\u00f5es na Coberturas Santo Amaro, l\u00edder desde 1981.\",\"breadcrumb\":{\"@id\":\"https:\/\/www.coberturassantoamaro.com.br\/blog\/por-que-escolher-telhas-termoacusticas-para-o-seu-projeto\/#breadcrumb\"},\"inLanguage\":\"pt-BR\",\"potentialAction\":[{\"@type\":\"ReadAction\",\"target\":[\"https:\/\/www.coberturassantoamaro.com.br\/blog\/por-que-escolher-telhas-termoacusticas-para-o-seu-projeto\/\"]}]},{\"@type\":\"BreadcrumbList\",\"@id\":\"https:\/\/www.coberturassantoamaro.com.br\/blog\/por-que-escolher-telhas-termoacusticas-para-o-seu-projeto\/#breadcrumb\",\"itemListElement\":[{\"@type\":\"ListItem\",\"position\":1,\"name\":\"In\u00edcio\",\"item\":\"https:\/\/www.coberturassantoamaro.com.br\/blog\/\"},{\"@type\":\"ListItem\",\"position\":2,\"name\":\"Por que escolher telhas termoac\u00fasticas para o seu projeto?\"}]},{\"@type\":\"WebSite\",\"@id\":\"https:\/\/www.coberturassantoamaro.com.br\/blog\/#website\",\"url\":\"https:\/\/www.coberturassantoamaro.com.br\/blog\/\",\"name\":\"Coberturas Santo Amaro\",\"description\":\"\",\"publisher\":{\"@id\":\"https:\/\/www.coberturassantoamaro.com.br\/blog\/#organization\"},\"potentialAction\":[{\"@type\":\"SearchAction\",\"target\":{\"@type\":\"EntryPoint\",\"urlTemplate\":\"https:\/\/www.coberturassantoamaro.com.br\/blog\/?s={search_term_string}\"},\"query-input\":\"required name=search_term_string\"}],\"inLanguage\":\"pt-BR\"},{\"@type\":\"Organization\",\"@id\":\"https:\/\/www.coberturassantoamaro.com.br\/blog\/#organization\",\"name\":\"Coberturas Santo Amaro\",\"url\":\"https:\/\/www.coberturassantoamaro.com.br\/blog\/\",\"logo\":{\"@type\":\"ImageObject\",\"inLanguage\":\"pt-BR\",\"@id\":\"https:\/\/www.coberturassantoamaro.com.br\/blog\/#\/schema\/logo\/image\/\",\"url\":\"https:\/\/www.coberturassantoamaro.com.br\/blog\/wp-content\/uploads\/2023\/10\/logo.png\",\"contentUrl\":\"https:\/\/www.coberturassantoamaro.com.br\/blog\/wp-content\/uploads\/2023\/10\/logo.png\",\"width\":450,\"height\":100,\"caption\":\"Coberturas Santo Amaro\"},\"image\":{\"@id\":\"https:\/\/www.coberturassantoamaro.com.br\/blog\/#\/schema\/logo\/image\/\"}},{\"@type\":\"Person\",\"@id\":\"https:\/\/www.coberturassantoamaro.com.br\/blog\/#\/schema\/person\/787e285024109a4c4575d7c8db7807cc\",\"name\":\"admin\",\"image\":{\"@type\":\"ImageObject\",\"inLanguage\":\"pt-BR\",\"@id\":\"https:\/\/www.coberturassantoamaro.com.br\/blog\/#\/schema\/person\/image\/\",\"url\":\"https:\/\/secure.gravatar.com\/avatar\/3813f53848958b8842eeafda91666185a90010f65ed554379b78794cde6f234a?s=96&d=mm&r=g\",\"contentUrl\":\"https:\/\/secure.gravatar.com\/avatar\/3813f53848958b8842eeafda91666185a90010f65ed554379b78794cde6f234a?s=96&d=mm&r=g\",\"caption\":\"admin\"},\"sameAs\":[\"https:\/\/coberturassantoamaro.com.br\/blog\"],\"url\":\"https:\/\/www.coberturassantoamaro.com.br\/blog\/author\/admin\/\"}]}<\/script>\n<!-- \/ Yoast SEO plugin. -->","yoast_head_json":{"title":"Por que escolher telhas termoac\u00fasticas para o seu projeto? - Coberturas Santo Amaro","description":"Descubra as vantagens das telhas termoac\u00fasticas e encontre as melhores op\u00e7\u00f5es na Coberturas Santo Amaro, l\u00edder desde 1981.","robots":{"index":"index","follow":"follow","max-snippet":"max-snippet:-1","max-image-preview":"max-image-preview:large","max-video-preview":"max-video-preview:-1"},"canonical":"https:\/\/www.coberturassantoamaro.com.br\/blog\/por-que-escolher-telhas-termoacusticas-para-o-seu-projeto\/","og_locale":"pt_BR","og_type":"article","og_title":"Por que escolher telhas termoac\u00fasticas para o seu projeto? - Coberturas Santo Amaro","og_description":"Descubra as vantagens das telhas termoac\u00fasticas e encontre as melhores op\u00e7\u00f5es na Coberturas Santo Amaro, l\u00edder desde 1981.","og_url":"https:\/\/www.coberturassantoamaro.com.br\/blog\/por-que-escolher-telhas-termoacusticas-para-o-seu-projeto\/","og_site_name":"Coberturas Santo Amaro","article_published_time":"2024-05-27T14:33:29+00:00","article_modified_time":"2024-05-27T14:41:02+00:00","og_image":[{"width":5000,"height":2812,"url":"https:\/\/www.coberturassantoamaro.com.br\/blog\/wp-content\/uploads\/2024\/05\/AT-118-1-2.jpg","type":"image\/jpeg"}],"author":"admin","twitter_card":"summary_large_image","twitter_misc":{"Escrito por":"admin","Est. tempo de leitura":"3 minutos"},"schema":{"@context":"https:\/\/schema.org","@graph":[{"@type":"Article","@id":"https:\/\/www.coberturassantoamaro.com.br\/blog\/por-que-escolher-telhas-termoacusticas-para-o-seu-projeto\/#article","isPartOf":{"@id":"https:\/\/www.coberturassantoamaro.com.br\/blog\/por-que-escolher-telhas-termoacusticas-para-o-seu-projeto\/"},"author":{"name":"admin","@id":"https:\/\/www.coberturassantoamaro.com.br\/blog\/#\/schema\/person\/787e285024109a4c4575d7c8db7807cc"},"headline":"Por que escolher telhas termoac\u00fasticas para o seu projeto?","datePublished":"2024-05-27T14:33:29+00:00","dateModified":"2024-05-27T14:41:02+00:00","mainEntityOfPage":{"@id":"https:\/\/www.coberturassantoamaro.com.br\/blog\/por-que-escolher-telhas-termoacusticas-para-o-seu-projeto\/"},"wordCount":597,"commentCount":0,"publisher":{"@id":"https:\/\/www.coberturassantoamaro.com.br\/blog\/#organization"},"keywords":["cobertura termoac\u00fastica direto da fabrica","cobertura termoac\u00fastica em Diadema","cobertura termoac\u00fastica em promo\u00e7\u00e3o","cobertura termoac\u00fastica em Santo Amaro","cobertura termoac\u00fastica em s\u00e3o paulo","cobertura termoac\u00fastica em sp","cobertura termoac\u00fastica na zona sul","cobertura termoac\u00fastica no brooklin","cobertura termoac\u00fastica no Campo Limpo","cobertura termoac\u00fastica no Tabo\u00e3o da Serra","cobertura termoac\u00fastica perto de mim","cobertura termoac\u00fastica pre\u00e7o","cobertura termoac\u00fastica pr\u00f3ximo a mim","Coberturas Santo Amaro","comprar cobertura termoac\u00fastica","comprar telhado termoac\u00fastico","comprar telhas termoac\u00fasticas","conforto ac\u00fastico","distribuidor de cobertura termoac\u00fastica","distribuidor de telhado termoac\u00fastico","distribuidor de telhas termoac\u00fasticas","distribuidora de cobertura termoac\u00fastica","distribuidora de telhado termoac\u00fastico","distribuidora de telhas termoac\u00fasticas","empresa de cobertura termoac\u00fastica","empresa de telhado termoac\u00fastico","empresa de telhas termoac\u00fasticas","f\u00e1brica de cobertura termoac\u00fastica","f\u00e1brica de telhado termoac\u00fastico","f\u00e1brica de telhas termoac\u00fasticas","fabricante de cobertura termoac\u00fastica","fabricante de telhado termoac\u00fastico","fabricante de telhas termoac\u00fasticas","fornecedor de cobertura termoac\u00fastica","fornecedor de telhado termoac\u00fastico","fornecedor de telhas termoac\u00fasticas","isolamento t\u00e9rmico","loja de cobertura termoac\u00fastica","loja de telhado termoac\u00fastico","loja de telhas termoac\u00fasticas","onde encontrar telhas termoac\u00fasticas","revendedor de cobertura termoac\u00fastica","revendedor de telhado termoac\u00fastico","revendedor de telhas termoac\u00fasticas","servi\u00e7o de cobertura termoac\u00fastica","servi\u00e7o de telhado termoac\u00fastico","servi\u00e7o de telhas termoac\u00fasticas","telhado termoac\u00fastico direto da fabrica","telhado termoac\u00fastico em Diadema","telhado termoac\u00fastico em promo\u00e7\u00e3o","telhado termoac\u00fastico em Santo Amaro","telhado termoac\u00fastico em s\u00e3o paulo","telhado termoac\u00fastico em sp","telhado termoac\u00fastico na zona sul","telhado termoac\u00fastico no Brooklin","telhado termoac\u00fastico no Campo Limpo","telhado termoac\u00fastico no Tabo\u00e3o da Serra","telhado termoac\u00fastico perto de mim","telhado termoac\u00fastico pre\u00e7o","telhado termoac\u00fastico pr\u00f3ximo a mim","telhas de qualidade","telhas sandu\u00edche","Telhas Termoac\u00fasticas","telhas termoac\u00fasticas direto da fabrica","telhas termoac\u00fasticas em Diadema","telhas termoac\u00fasticas em promo\u00e7\u00e3o","telhas termoac\u00fasticas em Santo Amaro","telhas termoac\u00fasticas em s\u00e3o paulo","telhas termoac\u00fasticas em sp","telhas termoac\u00fasticas na zona sul","telhas termoac\u00fasticas no Brooklin","telhas termoac\u00fasticas no Campo Limpo","telhas termoac\u00fasticas no Tabo\u00e3o da Serra","telhas termoac\u00fasticas perto de mim","telhas termoac\u00fasticas pre\u00e7o","telhas termoac\u00fasticas pr\u00f3ximo a mim"],"articleSection":["Cobertura termoac\u00fastica"],"inLanguage":"pt-BR","potentialAction":[{"@type":"CommentAction","name":"Comment","target":["https:\/\/www.coberturassantoamaro.com.br\/blog\/por-que-escolher-telhas-termoacusticas-para-o-seu-projeto\/#respond"]}]},{"@type":"WebPage","@id":"https:\/\/www.coberturassantoamaro.com.br\/blog\/por-que-escolher-telhas-termoacusticas-para-o-seu-projeto\/","url":"https:\/\/www.coberturassantoamaro.com.br\/blog\/por-que-escolher-telhas-termoacusticas-para-o-seu-projeto\/","name":"Por que escolher telhas termoac\u00fasticas para o seu projeto? - Coberturas Santo Amaro","isPartOf":{"@id":"https:\/\/www.coberturassantoamaro.com.br\/blog\/#website"},"datePublished":"2024-05-27T14:33:29+00:00","dateModified":"2024-05-27T14:41:02+00:00","description":"Descubra as vantagens das telhas termoac\u00fasticas e encontre as melhores op\u00e7\u00f5es na Coberturas Santo Amaro, l\u00edder desde 1981.","breadcrumb":{"@id":"https:\/\/www.coberturassantoamaro.com.br\/blog\/por-que-escolher-telhas-termoacusticas-para-o-seu-projeto\/#breadcrumb"},"inLanguage":"pt-BR","potentialAction":[{"@type":"ReadAction","target":["https:\/\/www.coberturassantoamaro.com.br\/blog\/por-que-escolher-telhas-termoacusticas-para-o-seu-projeto\/"]}]},{"@type":"BreadcrumbList","@id":"https:\/\/www.coberturassantoamaro.com.br\/blog\/por-que-escolher-telhas-termoacusticas-para-o-seu-projeto\/#breadcrumb","itemListElement":[{"@type":"ListItem","position":1,"name":"In\u00edcio","item":"https:\/\/www.coberturassantoamaro.com.br\/blog\/"},{"@type":"ListItem","position":2,"name":"Por que escolher telhas termoac\u00fasticas para o seu projeto?"}]},{"@type":"WebSite","@id":"https:\/\/www.coberturassantoamaro.com.br\/blog\/#website","url":"https:\/\/www.coberturassantoamaro.com.br\/blog\/","name":"Coberturas Santo Amaro","description":"","publisher":{"@id":"https:\/\/www.coberturassantoamaro.com.br\/blog\/#organization"},"potentialAction":[{"@type":"SearchAction","target":{"@type":"EntryPoint","urlTemplate":"https:\/\/www.coberturassantoamaro.com.br\/blog\/?s={search_term_string}"},"query-input":"required name=search_term_string"}],"inLanguage":"pt-BR"},{"@type":"Organization","@id":"https:\/\/www.coberturassantoamaro.com.br\/blog\/#organization","name":"Coberturas Santo Amaro","url":"https:\/\/www.coberturassantoamaro.com.br\/blog\/","logo":{"@type":"ImageObject","inLanguage":"pt-BR","@id":"https:\/\/www.coberturassantoamaro.com.br\/blog\/#\/schema\/logo\/image\/","url":"https:\/\/www.coberturassantoamaro.com.br\/blog\/wp-content\/uploads\/2023\/10\/logo.png","contentUrl":"https:\/\/www.coberturassantoamaro.com.br\/blog\/wp-content\/uploads\/2023\/10\/logo.png","width":450,"height":100,"caption":"Coberturas Santo Amaro"},"image":{"@id":"https:\/\/www.coberturassantoamaro.com.br\/blog\/#\/schema\/logo\/image\/"}},{"@type":"Person","@id":"https:\/\/www.coberturassantoamaro.com.br\/blog\/#\/schema\/person\/787e285024109a4c4575d7c8db7807cc","name":"admin","image":{"@type":"ImageObject","inLanguage":"pt-BR","@id":"https:\/\/www.coberturassantoamaro.com.br\/blog\/#\/schema\/person\/image\/","url":"https:\/\/secure.gravatar.com\/avatar\/3813f53848958b8842eeafda91666185a90010f65ed554379b78794cde6f234a?s=96&d=mm&r=g","contentUrl":"https:\/\/secure.gravatar.com\/avatar\/3813f53848958b8842eeafda91666185a90010f65ed554379b78794cde6f234a?s=96&d=mm&r=g","caption":"admin"},"sameAs":["https:\/\/coberturassantoamaro.com.br\/blog"],"url":"https:\/\/www.coberturassantoamaro.com.br\/blog\/author\/admin\/"}]}},"_links":{"self":[{"href":"https:\/\/www.coberturassantoamaro.com.br\/blog\/wp-json\/wp\/v2\/posts\/83","targetHints":{"allow":["GET"]}}],"collection":[{"href":"https:\/\/www.coberturassantoamaro.com.br\/blog\/wp-json\/wp\/v2\/posts"}],"about":[{"href":"https:\/\/www.coberturassantoamaro.com.br\/blog\/wp-json\/wp\/v2\/types\/post"}],"author":[{"embeddable":true,"href":"https:\/\/www.coberturassantoamaro.com.br\/blog\/wp-json\/wp\/v2\/users\/1"}],"replies":[{"embeddable":true,"href":"https:\/\/www.coberturassantoamaro.com.br\/blog\/wp-json\/wp\/v2\/comments?post=83"}],"version-history":[{"count":1,"href":"https:\/\/www.coberturassantoamaro.com.br\/blog\/wp-json\/wp\/v2\/posts\/83\/revisions"}],"predecessor-version":[{"id":86,"href":"https:\/\/www.coberturassantoamaro.com.br\/blog\/wp-json\/wp\/v2\/posts\/83\/revisions\/86"}],"wp:featuredmedia":[{"embeddable":true,"href":"https:\/\/www.coberturassantoamaro.com.br\/blog\/wp-json\/wp\/v2\/media\/87"}],"wp:attachment":[{"href":"https:\/\/www.coberturassantoamaro.com.br\/blog\/wp-json\/wp\/v2\/media?parent=83"}],"wp:term":[{"taxonomy":"category","embeddable":true,"href":"https:\/\/www.coberturassantoamaro.com.br\/blog\/wp-json\/wp\/v2\/categories?post=83"},{"taxonomy":"post_tag","embeddable":true,"href":"https:\/\/www.coberturassantoamaro.com.br\/blog\/wp-json\/wp\/v2\/tags?post=83"}],"curies":[{"name":"wp","href":"https:\/\/api.w.org\/{rel}","templated":true}]}}